{"id":243950,"date":"2024-06-19T17:13:38","date_gmt":"2024-06-19T21:13:38","guid":{"rendered":"https:\/\/www.reinchile.cl\/?p=243950"},"modified":"2024-06-19T17:13:38","modified_gmt":"2024-06-19T21:13:38","slug":"rein-de-sofofa-realiza-nueva-cuenta-anual-y-anuncia-sus-nuevas-metas-para-este-2024","status":"publish","type":"post","link":"https:\/\/www.reinchile.cl\/?p=243950","title":{"rendered":"ReIN de SOFOFA realiza nueva Cuenta Anual y anuncia sus nuevas metas para este 2024"},"content":{"rendered":"<p>La Red de Empresas Inclusivas (ReIN) de SOFOFA llev\u00f3 a cabo su m\u00e1s reciente Cuenta Anual, un encuentro dedicado a repasar los hitos y metas alcanzadas durante el \u00faltimo a\u00f1o, y presentar los nuevos objetivos para el a\u00f1o 2024. Este evento tambi\u00e9n marc\u00f3 el inicio de una nueva fase de trabajo, con la definici\u00f3n de los pilares estrat\u00e9gicos que guiar\u00e1n las acciones de la Red bajo la actual presidencia.<\/p>\n<p>Con 9 a\u00f1os de experiencia en la gesti\u00f3n de inclusi\u00f3n empresarial, la Red de Empresas Inclusivas inicia una nueva etapa bajo la presidencia de Jos\u00e9 Antonio Alonso. En los \u00faltimos 4 a\u00f1os, la ReIN se fundament\u00f3 en tres pilares clave: fortalecer la formaci\u00f3n en red, destacar el protagonismo de los socios y fomentar la interseccionalidad en la inclusi\u00f3n.<\/p>\n<p><img loading=\"lazy\" decoding=\"async\" class=\"aligncenter wp-image-6303 size-full\" src=\"https:\/\/empresainclusiva.cl\/rein\/wp-content\/uploads\/2024\/01\/WhatsApp-Image-2024-01-08-at-11.03.12-AM-4.jpg\" alt=\"\" width=\"900\" height=\"626\" \/><\/p>\n<p>Este a\u00f1o, esos pilares evolucionar\u00e1n hacia una versi\u00f3n m\u00e1s moderna e integral, con el objetivo de convertirse en una Red referente de la inclusi\u00f3n laboral empresarial, generando un impacto que movilice tanto en el \u00e1mbito p\u00fablico como privado, y siendo una plataforma de aprendizaje y encuentro donde se compartan buenas pr\u00e1cticas y se promueva la transformaci\u00f3n cultural necesaria para la inclusi\u00f3n laboral de personas con discapacidad en el pa\u00eds.<\/p>\n<p>Por otra parte, uno de los logros m\u00e1s destacados, fue el crecimiento significativo en el n\u00famero de socios\u00a0 increment\u00e1ndose en m\u00e1s de 100 empresas hasta la fecha. Asimismo, se resalt\u00f3 el impacto positivo de las m\u00e1s de 10 iniciativas llevadas a cabo en colaboraci\u00f3n con las empresas socias, logrando una participaci\u00f3n promedio de 63 personas por evento. Entre estas iniciativas, destacan los Talleres de Formaci\u00f3n, las sesiones de la Red de Gestores de Inclusi\u00f3n en colaboraci\u00f3n con Fundaci\u00f3n Ronda, los Caf\u00e9s con Tema, los Aprendiendo de Empresas ReIN, entrevistas a empresas socias, reuniones de la Mesa de Educaci\u00f3n para abordar brechas educativas, la creaci\u00f3n de kits comunicacionales con contenido descargable, eventos para conocer a empresas, organizaciones o fundaciones del ecosistema de inclusi\u00f3n, la Red de Mentores que facilita la transferencia de conocimiento entre empresas con diferentes niveles de inclusi\u00f3n, y finalmente, la Medici\u00f3n de Inclusi\u00f3n Laboral Empresarial (MILE).<\/p>\n<p><img loading=\"lazy\" decoding=\"async\" class=\"aligncenter wp-image-6304 size-full\" src=\"https:\/\/empresainclusiva.cl\/rein\/wp-content\/uploads\/2024\/01\/WhatsApp-Image-2024-01-08-at-11.03.12-AM-8.jpg\" alt=\"\" width=\"900\" height=\"569\" \/><\/p>\n<p>La actividad estuvo a cargo de Jos\u00e9 Antonio Alonso, presidente de la Red de Empresas Inclusivas (ReIN), consejero SOFOFA y gerente de Asuntos Corporativos, Legal y Compliance de Cervecer\u00eda Ab InBev. Alonso destac\u00f3 en su intervenci\u00f3n que \u201cel prop\u00f3sito fundamental de esta Red es movilizar a las empresas hacia una mayor inclusividad, contribuyendo a la igualdad de oportunidades para las personas con discapacidad y fomentando el progreso hacia un Chile con un desarrollo m\u00e1s sostenible y mayor bienestar\u201d.<\/p>\n<p>Por otro lado, Fabio Bertranou, director de la oficina de la OIT para el Cono Sur de Am\u00e9rica Latina, comparti\u00f3 sus comentarios respecto a la iniciativa, expresando que \u201cDesde la OIT, celebramos esta nueva Cuenta Anual de la ReIN, d\u00f3nde vemos el esfuerzo y trabajo colaborativo de este conjunto de empresas en busca de un objetivo com\u00fan: generar mayores caminos para la inclusi\u00f3n laboral de personas con discapacidad y generar mejores oportunidades para que estas trayectorias laborales permitan un desarrollo no solo en el \u00e1mbito laboral, sino tambi\u00e9n en las personas\u201d.<\/p>\n<p>De esta jornada, tambi\u00e9n participaron los directores de la ReIN e Ignacio Cobo, director de Sostenibilidad de SOFOFA.<\/p>\n<div id=\"gallery-1\" class=\"gallery galleryid-6301 gallery-columns-4 gallery-size-thumbnail\">\n<dl class=\"gallery-item\">\n<dt class=\"gallery-icon landscape\"><a href=\"https:\/\/empresainclusiva.cl\/rein\/rein-de-sofofa-realiza-nueva-cuenta-anual-y-anuncia-sus-nuevas-metas-para-este-2024\/whatsapp-image-2024-01-08-at-11-03-12-am\/\"><img loading=\"lazy\" decoding=\"async\" class=\"attachment-thumbnail size-thumbnail\" src=\"https:\/\/empresainclusiva.cl\/rein\/wp-content\/uploads\/2024\/01\/WhatsApp-Image-2024-01-08-at-11.03.12-AM-150x150.jpg\" alt=\"\" width=\"150\" height=\"150\" \/><\/a><\/dt>\n<\/dl>\n<dl class=\"gallery-item\">\n<dt class=\"gallery-icon landscape\"><a href=\"https:\/\/empresainclusiva.cl\/rein\/rein-de-sofofa-realiza-nueva-cuenta-anual-y-anuncia-sus-nuevas-metas-para-este-2024\/whatsapp-image-2024-01-08-at-11-03-12-am-9\/\"><img loading=\"lazy\" decoding=\"async\" class=\"attachment-thumbnail size-thumbnail\" src=\"https:\/\/empresainclusiva.cl\/rein\/wp-content\/uploads\/2024\/01\/WhatsApp-Image-2024-01-08-at-11.03.12-AM-9-150x150.jpg\" alt=\"\" width=\"150\" height=\"150\" \/><\/a><\/dt>\n<\/dl>\n<dl class=\"gallery-item\">\n<dt class=\"gallery-icon landscape\"><a href=\"https:\/\/empresainclusiva.cl\/rein\/rein-de-sofofa-realiza-nueva-cuenta-anual-y-anuncia-sus-nuevas-metas-para-este-2024\/whatsapp-image-2024-01-08-at-11-03-12-am-7\/\"><img loading=\"lazy\" decoding=\"async\" class=\"attachment-thumbnail size-thumbnail\" src=\"https:\/\/empresainclusiva.cl\/rein\/wp-content\/uploads\/2024\/01\/WhatsApp-Image-2024-01-08-at-11.03.12-AM-7-150x150.jpg\" alt=\"\" width=\"150\" height=\"150\" \/><\/a><\/dt>\n<\/dl>\n<dl class=\"gallery-item\">\n<dt class=\"gallery-icon landscape\"><a href=\"https:\/\/empresainclusiva.cl\/rein\/rein-de-sofofa-realiza-nueva-cuenta-anual-y-anuncia-sus-nuevas-metas-para-este-2024\/whatsapp-image-2024-01-08-at-11-03-12-am-6\/\"><img loading=\"lazy\" decoding=\"async\" class=\"attachment-thumbnail size-thumbnail\" src=\"https:\/\/empresainclusiva.cl\/rein\/wp-content\/uploads\/2024\/01\/WhatsApp-Image-2024-01-08-at-11.03.12-AM-6-150x150.jpg\" alt=\"\" width=\"150\" height=\"150\" \/><\/a><\/dt>\n<\/dl>\n<dl class=\"gallery-item\">\n<dt class=\"gallery-icon landscape\"><a href=\"https:\/\/empresainclusiva.cl\/rein\/rein-de-sofofa-realiza-nueva-cuenta-anual-y-anuncia-sus-nuevas-metas-para-este-2024\/whatsapp-image-2024-01-08-at-11-03-12-am-5\/\"><img loading=\"lazy\" decoding=\"async\" class=\"attachment-thumbnail size-thumbnail\" src=\"https:\/\/empresainclusiva.cl\/rein\/wp-content\/uploads\/2024\/01\/WhatsApp-Image-2024-01-08-at-11.03.12-AM-5-150x150.jpg\" alt=\"\" width=\"150\" height=\"150\" \/><\/a><\/dt>\n<\/dl>\n<dl class=\"gallery-item\">\n<dt class=\"gallery-icon landscape\"><a href=\"https:\/\/empresainclusiva.cl\/rein\/rein-de-sofofa-realiza-nueva-cuenta-anual-y-anuncia-sus-nuevas-metas-para-este-2024\/whatsapp-image-2024-01-08-at-11-03-12-am-3\/\"><img loading=\"lazy\" decoding=\"async\" class=\"attachment-thumbnail size-thumbnail\" src=\"https:\/\/empresainclusiva.cl\/rein\/wp-content\/uploads\/2024\/01\/WhatsApp-Image-2024-01-08-at-11.03.12-AM-3-150x150.jpg\" alt=\"\" width=\"150\" height=\"150\" \/><\/a><\/dt>\n<\/dl>\n<dl class=\"gallery-item\">\n<dt class=\"gallery-icon landscape\"><a href=\"https:\/\/empresainclusiva.cl\/rein\/rein-de-sofofa-realiza-nueva-cuenta-anual-y-anuncia-sus-nuevas-metas-para-este-2024\/whatsapp-image-2024-01-08-at-11-03-12-am-2\/\"><img loading=\"lazy\" decoding=\"async\" class=\"attachment-thumbnail size-thumbnail\" src=\"https:\/\/empresainclusiva.cl\/rein\/wp-content\/uploads\/2024\/01\/WhatsApp-Image-2024-01-08-at-11.03.12-AM-2-150x150.jpg\" alt=\"\" width=\"150\" height=\"150\" \/><\/a><\/dt>\n<\/dl>\n<dl class=\"gallery-item\">\n<dt class=\"gallery-icon landscape\"><a href=\"https:\/\/empresainclusiva.cl\/rein\/rein-de-sofofa-realiza-nueva-cuenta-anual-y-anuncia-sus-nuevas-metas-para-este-2024\/whatsapp-image-2024-01-08-at-11-03-12-am-1\/\"><img loading=\"lazy\" decoding=\"async\" class=\"attachment-thumbnail size-thumbnail\" src=\"https:\/\/empresainclusiva.cl\/rein\/wp-content\/uploads\/2024\/01\/WhatsApp-Image-2024-01-08-at-11.03.12-AM-1-150x150.jpg\" alt=\"\" width=\"150\" height=\"150\" \/><\/a><\/dt>\n<\/dl>\n<\/div>\n","protected":false},"excerpt":{"rendered":"<p>La Red de Empresas Inclusivas (ReIN) de SOFOFA llev\u00f3 a cabo su m\u00e1s reciente Cuenta Anual, un encuentro dedicado a repasar los hitos y metas alcanzadas durante el \u00faltimo a\u00f1o, y presentar los nuevos objetivos para el a\u00f1o 2024. Este evento tambi\u00e9n marc\u00f3 el inicio de una nueva fase de trabajo, con la definici\u00f3n de [&hellip;]<\/p>\n","protected":false},"author":2,"featured_media":243951,"comment_status":"closed","ping_status":"closed","sticky":false,"template":"","format":"standard","meta":{"_et_pb_use_builder":"","_et_pb_old_content":"","_et_gb_content_width":"","footnotes":""},"categories":[8],"tags":[29,24,43,42],"class_list":["post-243950","post","type-post","status-publish","format-standard","has-post-thumbnail","hentry","category-noticias","tag-cuenta-anual","tag-noticias-rein","tag-oit","tag-sofofa"],"aioseo_notices":[],"_links":{"self":[{"href":"https:\/\/www.reinchile.cl\/index.php?rest_route=\/wp\/v2\/posts\/243950","targetHints":{"allow":["GET"]}}],"collection":[{"href":"https:\/\/www.reinchile.cl\/index.php?rest_route=\/wp\/v2\/posts"}],"about":[{"href":"https:\/\/www.reinchile.cl\/index.php?rest_route=\/wp\/v2\/types\/post"}],"author":[{"embeddable":true,"href":"https:\/\/www.reinchile.cl\/index.php?rest_route=\/wp\/v2\/users\/2"}],"replies":[{"embeddable":true,"href":"https:\/\/www.reinchile.cl\/index.php?rest_route=%2Fwp%2Fv2%2Fcomments&post=243950"}],"version-history":[{"count":1,"href":"https:\/\/www.reinchile.cl\/index.php?rest_route=\/wp\/v2\/posts\/243950\/revisions"}],"predecessor-version":[{"id":243952,"href":"https:\/\/www.reinchile.cl\/index.php?rest_route=\/wp\/v2\/posts\/243950\/revisions\/243952"}],"wp:featuredmedia":[{"embeddable":true,"href":"https:\/\/www.reinchile.cl\/index.php?rest_route=\/wp\/v2\/media\/243951"}],"wp:attachment":[{"href":"https:\/\/www.reinchile.cl\/index.php?rest_route=%2Fwp%2Fv2%2Fmedia&parent=243950"}],"wp:term":[{"taxonomy":"category","embeddable":true,"href":"https:\/\/www.reinchile.cl\/index.php?rest_route=%2Fwp%2Fv2%2Fcategories&post=243950"},{"taxonomy":"post_tag","embeddable":true,"href":"https:\/\/www.reinchile.cl\/index.php?rest_route=%2Fwp%2Fv2%2Ftags&post=243950"}],"curies":[{"name":"wp","href":"https:\/\/api.w.org\/{rel}","templated":true}]}}